{"id":9283,"date":"2015-09-08T11:28:07","date_gmt":"2015-09-08T09:28:07","guid":{"rendered":"https:\/\/blog.kopyra.com\/?p=9283"},"modified":"2015-09-08T11:28:07","modified_gmt":"2015-09-08T09:28:07","slug":"fabrica-rara-wywiad-na-brackiej-jesieni","status":"publish","type":"post","link":"https:\/\/blog.kopyra.com\/index.php\/2015\/09\/08\/fabrica-rara-wywiad-na-brackiej-jesieni\/","title":{"rendered":"Fabrica RARA &#8211; wywiad na Brackiej Jesieni"},"content":{"rendered":"<p>W ubieg\u0142\u0105 sobot\u0119 by\u0142em na Brackiej Jesieni, gdzie mia\u0142em nagra\u0107 troch\u0119 wi\u0119cej materia\u0142u, ale sko\u0144czy\u0142o si\u0119 na stoisku Fabrica RARA. Spr\u00f3bowa\u0142em wi\u0119c trzech nowo\u015bci z FR i porozmawia\u0142em z ekip\u0105 browaru, moimi rozm\u00f3wcami byli Pawe\u0142 Fiedor, Micha\u0142 Kochaniewicz i Tomasz Onderek.<\/p>\n<p><!--more--><br \/>\n<iframe loading=\"lazy\" src=\"https:\/\/www.youtube.com\/embed\/BmVg0x53ys4\" width=\"560\" height=\"315\" frameborder=\"0\" allowfullscreen=\"allowfullscreen\"><\/iframe><\/p>\n","protected":false},"excerpt":{"rendered":"<p>W ubieg\u0142\u0105 sobot\u0119 by\u0142em na Brackiej Jesieni, gdzie mia\u0142em nagra\u0107 troch\u0119 wi\u0119cej materia\u0142u, ale sko\u0144czy\u0142o si\u0119 na stoisku Fabrica RARA. Spr\u00f3bowa\u0142em wi\u0119c trzech nowo\u015bci z FR i porozmawia\u0142em z ekip\u0105 browaru, moimi rozm\u00f3wcami byli Pawe\u0142 Fiedor, Micha\u0142 Kochaniewicz i Tomasz Onderek.<\/p>\n","protected":false},"author":2,"featured_media":9284,"comment_status":"open","ping_status":"open","sticky":false,"template":"","format":"video","meta":{"_jetpack_newsletter_access":"","_jetpack_dont_email_post_to_subs":false,"_jetpack_newsletter_tier_id":0,"_jetpack_memberships_contains_paywalled_content":false,"_jetpack_feature_clip_id":0,"_jetpack_memberships_contains_paid_content":false,"footnotes":"","jetpack_post_was_ever_published":false},"categories":[5,201],"tags":[489,997],"class_list":["post-9283","post","type-post","status-publish","format-video","has-post-thumbnail","hentry","category-degustacje","category-wywiady","tag-bracka-jesien","tag-fabrica-rara","post_format-post-format-video"],"jetpack_shortlink":"https:\/\/wp.me\/p21RAX-2pJ","jetpack_sharing_enabled":true,"jetpack_featured_media_url":"https:\/\/blog.kopyra.com\/\/wp-content\/uploads\/2015\/09\/fabrica-RARA.jpg","_links":{"self":[{"href":"https:\/\/blog.kopyra.com\/index.php\/wp-json\/wp\/v2\/posts\/9283","targetHints":{"allow":["GET"]}}],"collection":[{"href":"https:\/\/blog.kopyra.com\/index.php\/wp-json\/wp\/v2\/posts"}],"about":[{"href":"https:\/\/blog.kopyra.com\/index.php\/wp-json\/wp\/v2\/types\/post"}],"author":[{"embeddable":true,"href":"https:\/\/blog.kopyra.com\/index.php\/wp-json\/wp\/v2\/users\/2"}],"replies":[{"embeddable":true,"href":"https:\/\/blog.kopyra.com\/index.php\/wp-json\/wp\/v2\/comments?post=9283"}],"version-history":[{"count":0,"href":"https:\/\/blog.kopyra.com\/index.php\/wp-json\/wp\/v2\/posts\/9283\/revisions"}],"wp:featuredmedia":[{"embeddable":true,"href":"https:\/\/blog.kopyra.com\/index.php\/wp-json\/wp\/v2\/media\/9284"}],"wp:attachment":[{"href":"https:\/\/blog.kopyra.com\/index.php\/wp-json\/wp\/v2\/media?parent=9283"}],"wp:term":[{"taxonomy":"category","embeddable":true,"href":"https:\/\/blog.kopyra.com\/index.php\/wp-json\/wp\/v2\/categories?post=9283"},{"taxonomy":"post_tag","embeddable":true,"href":"https:\/\/blog.kopyra.com\/index.php\/wp-json\/wp\/v2\/tags?post=9283"}],"curies":[{"name":"wp","href":"https:\/\/api.w.org\/{rel}","templated":true}]}}