{"id":4003,"date":"2013-09-09T11:25:53","date_gmt":"2013-09-09T09:25:53","guid":{"rendered":"https:\/\/blog.kopyra.com\/?p=4003"},"modified":"2013-09-09T11:25:53","modified_gmt":"2013-09-09T09:25:53","slug":"pszeniczne-i-kolonialne-z-browaru-krajcar-z-zywca","status":"publish","type":"post","link":"https:\/\/blog.kopyra.com\/index.php\/2013\/09\/09\/pszeniczne-i-kolonialne-z-browaru-krajcar-z-zywca\/","title":{"rendered":"Pszeniczne i Kolonialne z browaru Krajcar z \u017bywca"},"content":{"rendered":"<h2>czyli Bracka Jesie\u0144 2013 odc. 2.<\/h2>\n<p style=\"text-align: justify;\"><img loading=\"lazy\" decoding=\"async\" class=\"alignleft size-thumbnail wp-image-4004\" alt=\"krajcar kolonialne\" src=\"https:\/\/blog.kopyra.com\/wp-content\/uploads\/2013\/09\/krajcar-kolonialne-150x82.jpg\" width=\"150\" height=\"82\" \/>Po rzemie\u015blniczych piwach z Artezana i Pracowni Piwa, postanowi\u0142em spr\u00f3bowa\u0107, jak wygl\u0105da piwna rewolucja w wydaniu browaru restauracyjnego. Czy w browarze restauracyjnym mo\u017cna uwarzy\u0107 wy\u015bmienite India Pale Ale? Jak pokazuj\u0105 przyk\u0142ady Brovarni i Hausta, oczywi\u015bcie tak. Czy do tego zacnego grona do\u0142\u0105czy Krajcar? By\u0142o troch\u0119 zabawnie, bo pocz\u0105tkowo dosta\u0142em Pszeniczne jako IPA, ale okaza\u0142o si\u0119, \u017ce to tylko odwrotnie podpi\u0119te beczki. Chc\u0105c nie chc\u0105c spr\u00f3bowa\u0142em wi\u0119c obu.<!--more--><\/p>\n<p>Pierwsze by\u0142o Pszeniczne.<br \/>\n<iframe loading=\"lazy\" src=\"\/\/www.youtube.com\/embed\/5LWuegxAVds\" height=\"480\" width=\"640\" allowfullscreen=\"\" frameborder=\"0\"><\/iframe><br \/>\nDrugim piwem by\u0142o ju\u017c w\u0142a\u015bciwe Kolonialne.<br \/>\n<iframe loading=\"lazy\" src=\"\/\/www.youtube.com\/embed\/Fh-D4tvMiII\" height=\"480\" width=\"640\" allowfullscreen=\"\" frameborder=\"0\"><\/iframe><br \/>\nW kolejnym odcinku Brackie Mastne i 2 piwa butelkowe z importu od topowych browar\u00f3w rzemie\u015blniczych.<\/p>\n","protected":false},"excerpt":{"rendered":"<p>czyli Bracka Jesie\u0144 2013 odc. 2. Po rzemie\u015blniczych piwach z Artezana i Pracowni Piwa, postanowi\u0142em spr\u00f3bowa\u0107, jak wygl\u0105da piwna rewolucja w wydaniu browaru restauracyjnego. Czy w browarze restauracyjnym mo\u017cna uwarzy\u0107 wy\u015bmienite India Pale Ale? Jak pokazuj\u0105 przyk\u0142ady Brovarni i Hausta, oczywi\u015bcie tak. Czy do tego zacnego grona do\u0142\u0105czy Krajcar? By\u0142o troch\u0119 zabawnie, bo pocz\u0105tkowo dosta\u0142em [&hellip;]<\/p>\n","protected":false},"author":2,"featured_media":0,"comment_status":"open","ping_status":"open","sticky":false,"template":"","format":"standard","meta":{"_jetpack_newsletter_access":"","_jetpack_dont_email_post_to_subs":false,"_jetpack_newsletter_tier_id":0,"_jetpack_memberships_contains_paywalled_content":false,"_jetpack_feature_clip_id":0,"_jetpack_memberships_contains_paid_content":false,"footnotes":"","jetpack_post_was_ever_published":false},"categories":[5],"tags":[489,498],"class_list":["post-4003","post","type-post","status-publish","format-standard","hentry","category-degustacje","tag-bracka-jesien","tag-krajcar"],"jetpack_shortlink":"https:\/\/wp.me\/p21RAX-12z","jetpack_sharing_enabled":true,"jetpack_featured_media_url":"","_links":{"self":[{"href":"https:\/\/blog.kopyra.com\/index.php\/wp-json\/wp\/v2\/posts\/4003","targetHints":{"allow":["GET"]}}],"collection":[{"href":"https:\/\/blog.kopyra.com\/index.php\/wp-json\/wp\/v2\/posts"}],"about":[{"href":"https:\/\/blog.kopyra.com\/index.php\/wp-json\/wp\/v2\/types\/post"}],"author":[{"embeddable":true,"href":"https:\/\/blog.kopyra.com\/index.php\/wp-json\/wp\/v2\/users\/2"}],"replies":[{"embeddable":true,"href":"https:\/\/blog.kopyra.com\/index.php\/wp-json\/wp\/v2\/comments?post=4003"}],"version-history":[{"count":0,"href":"https:\/\/blog.kopyra.com\/index.php\/wp-json\/wp\/v2\/posts\/4003\/revisions"}],"wp:attachment":[{"href":"https:\/\/blog.kopyra.com\/index.php\/wp-json\/wp\/v2\/media?parent=4003"}],"wp:term":[{"taxonomy":"category","embeddable":true,"href":"https:\/\/blog.kopyra.com\/index.php\/wp-json\/wp\/v2\/categories?post=4003"},{"taxonomy":"post_tag","embeddable":true,"href":"https:\/\/blog.kopyra.com\/index.php\/wp-json\/wp\/v2\/tags?post=4003"}],"curies":[{"name":"wp","href":"https:\/\/api.w.org\/{rel}","templated":true}]}}