{"id":3517,"date":"2013-06-14T09:10:55","date_gmt":"2013-06-14T08:10:55","guid":{"rendered":"https:\/\/blog.kopyra.com\/?p=3517"},"modified":"2013-06-13T00:32:34","modified_gmt":"2013-06-12T23:32:34","slug":"porter-lodzki","status":"publish","type":"post","link":"https:\/\/blog.kopyra.com\/index.php\/2013\/06\/14\/porter-lodzki\/","title":{"rendered":"Porter \u0141\u00f3dzki"},"content":{"rendered":"<h2>\u015bwie\u017cy, niele\u017cakowany i do tego w konserwie.<\/h2>\n<p style=\"text-align: justify;\"><img loading=\"lazy\" decoding=\"async\" class=\"alignleft size-thumbnail wp-image-3518\" title=\"porter \u0142\u00f3dzki\" src=\"https:\/\/blog.kopyra.com\/wp-content\/uploads\/2013\/06\/porter-\u0142\u00f3dzki-150x82.jpg\" alt=\"\" width=\"150\" height=\"82\" \/>To ju\u017c druga recenzja Porteru \u0141\u00f3dzkiego na blogu. R\u00f3\u017cnica polega na tym, \u017ce <a href=\"https:\/\/blog.kopyra.com\/index.php\/2013\/01\/24\/portery-z-witnicy-i-z-miasta-lodzi\/\">poprzednio degustowa\u0142em piwo<\/a> przeterminowane o 5 czy 6 lat, przele\u017cakowane w mojej piwniczce i by\u0142o ono zapakowane w kultow\u0105 butelk\u0119 Euro. Czy piwo \u015bwie\u017ce dor\u00f3wna wersji <em>vintage. <\/em>Czy nuty alkoholowe nie b\u0119d\u0105 zanadto nachalne? Czy piwo b\u0119dzie mia\u0142o odpowiednio bogaty smak i aromat? Czy mo\u017ce b\u0119dzie surowe i niezbalansowane?<\/p>\n<p style=\"text-align: justify;\"><!--more--><\/p>\n<p><iframe loading=\"lazy\" src=\"http:\/\/www.youtube.com\/embed\/FMvD-DCmTCU\" frameborder=\"0\" width=\"560\" height=\"315\"><\/iframe><br \/>\nDla tych, co nie na Birofiliach. Tak nam przykro, \u017ce nie mo\u017cecie by\u0107 z nami.<\/p>\n","protected":false},"excerpt":{"rendered":"<p>\u015bwie\u017cy, niele\u017cakowany i do tego w konserwie. To ju\u017c druga recenzja Porteru \u0141\u00f3dzkiego na blogu. R\u00f3\u017cnica polega na tym, \u017ce poprzednio degustowa\u0142em piwo przeterminowane o 5 czy 6 lat, przele\u017cakowane w mojej piwniczce i by\u0142o ono zapakowane w kultow\u0105 butelk\u0119 Euro. Czy piwo \u015bwie\u017ce dor\u00f3wna wersji vintage. Czy nuty alkoholowe nie b\u0119d\u0105 zanadto nachalne? Czy [&hellip;]<\/p>\n","protected":false},"author":2,"featured_media":0,"comment_status":"open","ping_status":"open","sticky":false,"template":"","format":"standard","meta":{"_jetpack_newsletter_access":"","_jetpack_dont_email_post_to_subs":false,"_jetpack_newsletter_tier_id":0,"_jetpack_memberships_contains_paywalled_content":false,"_jetpack_feature_clip_id":0,"_jetpack_memberships_contains_paid_content":false,"footnotes":"","jetpack_post_was_ever_published":false},"categories":[5],"tags":[425,130],"class_list":["post-3517","post","type-post","status-publish","format-standard","hentry","category-degustacje","tag-porter-baltycki"],"jetpack_shortlink":"https:\/\/wp.me\/p21RAX-UJ","jetpack_sharing_enabled":true,"jetpack_featured_media_url":"","_links":{"self":[{"href":"https:\/\/blog.kopyra.com\/index.php\/wp-json\/wp\/v2\/posts\/3517","targetHints":{"allow":["GET"]}}],"collection":[{"href":"https:\/\/blog.kopyra.com\/index.php\/wp-json\/wp\/v2\/posts"}],"about":[{"href":"https:\/\/blog.kopyra.com\/index.php\/wp-json\/wp\/v2\/types\/post"}],"author":[{"embeddable":true,"href":"https:\/\/blog.kopyra.com\/index.php\/wp-json\/wp\/v2\/users\/2"}],"replies":[{"embeddable":true,"href":"https:\/\/blog.kopyra.com\/index.php\/wp-json\/wp\/v2\/comments?post=3517"}],"version-history":[{"count":0,"href":"https:\/\/blog.kopyra.com\/index.php\/wp-json\/wp\/v2\/posts\/3517\/revisions"}],"wp:attachment":[{"href":"https:\/\/blog.kopyra.com\/index.php\/wp-json\/wp\/v2\/media?parent=3517"}],"wp:term":[{"taxonomy":"category","embeddable":true,"href":"https:\/\/blog.kopyra.com\/index.php\/wp-json\/wp\/v2\/categories?post=3517"},{"taxonomy":"post_tag","embeddable":true,"href":"https:\/\/blog.kopyra.com\/index.php\/wp-json\/wp\/v2\/tags?post=3517"}],"curies":[{"name":"wp","href":"https:\/\/api.w.org\/{rel}","templated":true}]}}